{"id":152,"date":"2024-11-30T21:15:14","date_gmt":"2024-11-30T21:15:14","guid":{"rendered":"https:\/\/sdc.utcluj.ro\/?p=152"},"modified":"2024-12-02T06:29:58","modified_gmt":"2024-12-02T06:29:58","slug":"bp-conferinta-pptt","status":"publish","type":"post","link":"https:\/\/sdc.utcluj.ro\/en\/2024\/11\/30\/bp-conferinta-pptt\/","title":{"rendered":"Conferin\u021ba &#8222;Speciali\u0219tii Ferestrelor, Fa\u021badelor \u0219i Sticlei&#8221;"},"content":{"rendered":"<div data-elementor-type=\"wp-post\" data-elementor-id=\"152\" class=\"elementor elementor-152\">\n\t\t\t\t<div class=\"elementor-element elementor-element-c7c98a3 e-flex e-con-boxed e-con e-parent\" data-id=\"c7c98a3\" data-element_type=\"container\" data-settings=\"{&quot;background_background&quot;:&quot;classic&quot;}\">\n\t\t\t\t\t<div class=\"e-con-inner\">\n\t\t\t\t\t<\/div>\n\t\t\t\t<\/div>\n\t\t<div class=\"elementor-element elementor-element-eaf509b e-flex e-con-boxed e-con e-parent\" data-id=\"eaf509b\" data-element_type=\"container\">\n\t\t\t\t\t<div class=\"e-con-inner\">\n\t\t\t\t<div class=\"elementor-element elementor-element-ed89c19 elementor-widget elementor-widget-heading\" data-id=\"ed89c19\" data-element_type=\"widget\" data-widget_type=\"heading.default\">\n\t\t\t\t<div class=\"elementor-widget-container\">\n\t\t\t<h2 class=\"elementor-heading-title elementor-size-default\">Conferin\u021ba \"Speciali\u0219tii Ferestrelor, Fa\u021badelor \u0219i Sticlei\"\n<\/h2>\t\t<\/div>\n\t\t\t\t<\/div>\n\t\t\t\t<div class=\"elementor-element elementor-element-b890114 elementor-widget elementor-widget-text-editor\" data-id=\"b890114\" data-element_type=\"widget\" data-widget_type=\"text-editor.default\">\n\t\t\t\t<div class=\"elementor-widget-container\">\n\t\t\t\t\t\t\t<p class=\"lead\"><span style=\"color: #000000;\">Prima prezentare a echipei SDC 2018 \u00een afara \u201cb\u0103ncilor\u201d facult\u0103\u021bii a fost \u021binut\u0103 \u00een cadrul\u00a0<a style=\"color: #000000;\" href=\"https:\/\/www.pptt.ro\/evenimente\/conferinta-specialistii-ferestrelor-fatadelor-si-sticlei-cluj-napoca-12-octombrie-2017\/\" target=\"_blank\" rel=\"noopener\">Conferin\u021bei \u201cSpeciali\u0219tilor ferestrelor, fa\u021badelor \u0219i sticlei\u201d<\/a>, \u00een 12 octombrie 2017.<\/span><\/p><p><span style=\"color: #000000;\">\u00cen cadrul acestei conferin\u021be, organizat de\u00a0<a style=\"color: #000000;\" href=\"https:\/\/www.pptt.ro\/\" target=\"_blank\" rel=\"noopener\">Patronatul Produc\u0103torilor de T\u00e2mpl\u0103rie Termoizolant\u0103 din Rom\u00e2nia<\/a>, am avut \u0219ansa de a asista la prezent\u0103ri ale unor solu\u021bii inovative de realizare a fa\u021badelor \u0219i ferestrelor. De asemenea, am aflat despre importan\u021ba m\u0103surilor de protec\u021bie la foc \u0219i despre proiectarea \u0219i montajul pere\u021bilor cortin\u0103.<\/span><\/p>\t\t\t\t\t\t<\/div>\n\t\t\t\t<\/div>\n\t\t\t\t<div class=\"elementor-element elementor-element-f65d105 elementor-widget elementor-widget-text-editor\" data-id=\"f65d105\" data-element_type=\"widget\" data-widget_type=\"text-editor.default\">\n\t\t\t\t<div class=\"elementor-widget-container\">\n\t\t\t\t\t\t\tLa finalul acestei conferin\u021be am avut oportunitatea de a expune proiectul nostru, printr-o prezentare de aproximativ 20 de minute. \u00cen cadrul acesteia, am explicat ce presupune concursul la care particip\u0103m \u0219i care este modul nostru de lucru. De asemenea, am prezentat printr-un video o testare a unei machete pe masa vibrant\u0103. Am fost ferici\u021bi s\u0103 vedem entuziasmul cu care participan\u021bii la conferin\u021b\u0103 au urm\u0103rit prezentarea noastr\u0103, aplaud\u00e2ndu-ne \u0219i felicit\u00e2ndu-ne.\t\t\t\t\t\t<\/div>\n\t\t\t\t<\/div>\n\t\t\t\t<div class=\"elementor-element elementor-element-f1a56ec elementor-widget elementor-widget-heading\" data-id=\"f1a56ec\" data-element_type=\"widget\" data-widget_type=\"heading.default\">\n\t\t\t\t<div class=\"elementor-widget-container\">\n\t\t\t<h2 class=\"elementor-heading-title elementor-size-default\">Galerie foto\n<\/h2>\t\t<\/div>\n\t\t\t\t<\/div>\n\t\t\t\t<div class=\"elementor-element elementor-element-12f61a6 gallery-spacing-custom elementor-widget elementor-widget-image-gallery\" data-id=\"12f61a6\" data-element_type=\"widget\" data-widget_type=\"image-gallery.default\">\n\t\t\t\t<div class=\"elementor-widget-container\">\n\t\t\t\t\t<div class=\"elementor-image-gallery\">\n\t\t\t<div id='gallery-1' class='gallery galleryid-152 gallery-columns-2 gallery-size-large'><figure class='gallery-item'>\n\t\t\t<div class='gallery-icon landscape'>\n\t\t\t\t<img fetchpriority=\"high\" decoding=\"async\" width=\"800\" height=\"451\" src=\"https:\/\/sdc.utcluj.ro\/wp-content\/uploads\/2024\/11\/bp13-1.jpg\" class=\"attachment-large size-large\" alt=\"\" srcset=\"https:\/\/sdc.utcluj.ro\/wp-content\/uploads\/2024\/11\/bp13-1.jpg 1000w, https:\/\/sdc.utcluj.ro\/wp-content\/uploads\/2024\/11\/bp13-1-300x169.jpg 300w, https:\/\/sdc.utcluj.ro\/wp-content\/uploads\/2024\/11\/bp13-1-768x433.jpg 768w\" sizes=\"(max-width: 800px) 100vw, 800px\" \/>\n\t\t\t<\/div><\/figure><figure class='gallery-item'>\n\t\t\t<div class='gallery-icon landscape'>\n\t\t\t\t<img decoding=\"async\" width=\"800\" height=\"451\" src=\"https:\/\/sdc.utcluj.ro\/wp-content\/uploads\/2024\/11\/bp13-2.jpg\" class=\"attachment-large size-large\" alt=\"\" srcset=\"https:\/\/sdc.utcluj.ro\/wp-content\/uploads\/2024\/11\/bp13-2.jpg 1000w, https:\/\/sdc.utcluj.ro\/wp-content\/uploads\/2024\/11\/bp13-2-300x169.jpg 300w, https:\/\/sdc.utcluj.ro\/wp-content\/uploads\/2024\/11\/bp13-2-768x433.jpg 768w\" sizes=\"(max-width: 800px) 100vw, 800px\" \/>\n\t\t\t<\/div><\/figure><figure class='gallery-item'>\n\t\t\t<div class='gallery-icon landscape'>\n\t\t\t\t<img decoding=\"async\" width=\"800\" height=\"451\" src=\"https:\/\/sdc.utcluj.ro\/wp-content\/uploads\/2024\/11\/bp13-3.jpg\" class=\"attachment-large size-large\" alt=\"\" srcset=\"https:\/\/sdc.utcluj.ro\/wp-content\/uploads\/2024\/11\/bp13-3.jpg 1000w, https:\/\/sdc.utcluj.ro\/wp-content\/uploads\/2024\/11\/bp13-3-300x169.jpg 300w, https:\/\/sdc.utcluj.ro\/wp-content\/uploads\/2024\/11\/bp13-3-768x433.jpg 768w\" sizes=\"(max-width: 800px) 100vw, 800px\" \/>\n\t\t\t<\/div><\/figure><figure class='gallery-item'>\n\t\t\t<div class='gallery-icon landscape'>\n\t\t\t\t<img loading=\"lazy\" decoding=\"async\" width=\"800\" height=\"451\" src=\"https:\/\/sdc.utcluj.ro\/wp-content\/uploads\/2024\/11\/bp13-4.jpg\" class=\"attachment-large size-large\" alt=\"\" srcset=\"https:\/\/sdc.utcluj.ro\/wp-content\/uploads\/2024\/11\/bp13-4.jpg 1000w, https:\/\/sdc.utcluj.ro\/wp-content\/uploads\/2024\/11\/bp13-4-300x169.jpg 300w, https:\/\/sdc.utcluj.ro\/wp-content\/uploads\/2024\/11\/bp13-4-768x433.jpg 768w\" sizes=\"(max-width: 800px) 100vw, 800px\" \/>\n\t\t\t<\/div><\/figure>\n\t\t<\/div>\n\t\t<\/div>\n\t\t\t\t<\/div>\n\t\t\t\t<\/div>\n\t\t\t\t\t<\/div>\n\t\t\t\t<\/div>\n\t\t\t\t<\/div>","protected":false},"excerpt":{"rendered":"<p>Conferin\u021ba &#8222;Speciali\u0219tii Ferestrelor, Fa\u021badelor \u0219i Sticlei&#8221; Prima prezentare a echipei SDC 2018 \u00een afara \u201cb\u0103ncilor\u201d facult\u0103\u021bii a fost \u021binut\u0103 \u00een cadrul\u00a0Conferin\u021bei \u201cSpeciali\u0219tilor ferestrelor, fa\u021badelor \u0219i sticlei\u201d, \u00een 12 octombrie 2017. \u00cen cadrul acestei conferin\u021be, organizat de\u00a0Patronatul Produc\u0103torilor de T\u00e2mpl\u0103rie Termoizolant\u0103 din Rom\u00e2nia, am avut \u0219ansa de a asista la prezent\u0103ri ale unor solu\u021bii inovative de [&hellip;]<\/p>","protected":false},"author":1,"featured_media":154,"comment_status":"closed","ping_status":"closed","sticky":false,"template":"elementor_header_footer","format":"standard","meta":{"footnotes":""},"categories":[1],"tags":[],"class_list":["post-152","post","type-post","status-publish","format-standard","has-post-thumbnail","hentry","category-uncategorized"],"_links":{"self":[{"href":"https:\/\/sdc.utcluj.ro\/en\/wp-json\/wp\/v2\/posts\/152","targetHints":{"allow":["GET"]}}],"collection":[{"href":"https:\/\/sdc.utcluj.ro\/en\/wp-json\/wp\/v2\/posts"}],"about":[{"href":"https:\/\/sdc.utcluj.ro\/en\/wp-json\/wp\/v2\/types\/post"}],"author":[{"embeddable":true,"href":"https:\/\/sdc.utcluj.ro\/en\/wp-json\/wp\/v2\/users\/1"}],"replies":[{"embeddable":true,"href":"https:\/\/sdc.utcluj.ro\/en\/wp-json\/wp\/v2\/comments?post=152"}],"version-history":[{"count":7,"href":"https:\/\/sdc.utcluj.ro\/en\/wp-json\/wp\/v2\/posts\/152\/revisions"}],"predecessor-version":[{"id":235,"href":"https:\/\/sdc.utcluj.ro\/en\/wp-json\/wp\/v2\/posts\/152\/revisions\/235"}],"wp:featuredmedia":[{"embeddable":true,"href":"https:\/\/sdc.utcluj.ro\/en\/wp-json\/wp\/v2\/media\/154"}],"wp:attachment":[{"href":"https:\/\/sdc.utcluj.ro\/en\/wp-json\/wp\/v2\/media?parent=152"}],"wp:term":[{"taxonomy":"category","embeddable":true,"href":"https:\/\/sdc.utcluj.ro\/en\/wp-json\/wp\/v2\/categories?post=152"},{"taxonomy":"post_tag","embeddable":true,"href":"https:\/\/sdc.utcluj.ro\/en\/wp-json\/wp\/v2\/tags?post=152"}],"curies":[{"name":"wp","href":"https:\/\/api.w.org\/{rel}","templated":true}]}}