{"id":190,"date":"2024-12-01T13:40:04","date_gmt":"2024-12-01T13:40:04","guid":{"rendered":"https:\/\/sdc.utcluj.ro\/?p=190"},"modified":"2024-12-02T06:31:04","modified_gmt":"2024-12-02T06:31:04","slug":"bp-conferinta-psc","status":"publish","type":"post","link":"https:\/\/sdc.utcluj.ro\/en\/2024\/12\/01\/bp-conferinta-psc\/","title":{"rendered":"Conferin\u021ba regional\u0103 &#8222;Constructorii azi: solu\u021bii \u0219i ac\u021biuni colective&#8221;"},"content":{"rendered":"<div data-elementor-type=\"wp-post\" data-elementor-id=\"190\" class=\"elementor elementor-190\">\n\t\t\t\t<div class=\"elementor-element elementor-element-c7c98a3 e-flex e-con-boxed e-con e-parent\" data-id=\"c7c98a3\" data-element_type=\"container\" data-settings=\"{&quot;background_background&quot;:&quot;classic&quot;}\">\n\t\t\t\t\t<div class=\"e-con-inner\">\n\t\t\t\t\t<\/div>\n\t\t\t\t<\/div>\n\t\t<div class=\"elementor-element elementor-element-eaf509b e-flex e-con-boxed e-con e-parent\" data-id=\"eaf509b\" data-element_type=\"container\">\n\t\t\t\t\t<div class=\"e-con-inner\">\n\t\t\t\t<div class=\"elementor-element elementor-element-ed89c19 elementor-widget elementor-widget-heading\" data-id=\"ed89c19\" data-element_type=\"widget\" data-widget_type=\"heading.default\">\n\t\t\t\t<div class=\"elementor-widget-container\">\n\t\t\t<h2 class=\"elementor-heading-title elementor-size-default\">Conferin\u021ba regional\u0103 \"Constructorii azi: solu\u021bii \u0219i ac\u021biuni colective\"\n<\/h2>\t\t<\/div>\n\t\t\t\t<\/div>\n\t\t\t\t<div class=\"elementor-element elementor-element-8b96d82 elementor-widget elementor-widget-heading\" data-id=\"8b96d82\" data-element_type=\"widget\" data-widget_type=\"heading.default\">\n\t\t\t\t<div class=\"elementor-widget-container\">\n\t\t\t<h4 class=\"elementor-heading-title elementor-size-default\">Una dintre diversele \u0219i multiplele \u00eendatoriri ale echipei este de a se implica \u00een activit\u0103\u021bi de prezentare \u0219i promovare a proiectului. Ne dorim s\u0103 \u00eemp\u0103rt\u0103\u0219im c\u00e2t mai mult din drumul parcurs pentru realizarea acestui proiect. Prin urmare am r\u0103spuns cu pl\u0103cere la invita\u021bia unui dintre sponsorii no\u0219tri, firma de brokeraj GrECo, firm\u0103 care ne ofer\u0103 suport financiar \u00een realizarea machetelor.\n\n<\/h4>\t\t<\/div>\n\t\t\t\t<\/div>\n\t\t\t\t<div class=\"elementor-element elementor-element-b890114 elementor-widget elementor-widget-text-editor\" data-id=\"b890114\" data-element_type=\"widget\" data-widget_type=\"text-editor.default\">\n\t\t\t\t<div class=\"elementor-widget-container\">\n\t\t\t\t\t\t\t<p>Evenimentul a constat \u00eentr-o\u00a0<strong><a href=\"http:\/\/www.psc.ro\/conferinta-nationala-cluj-napoca-22-februarie-2018\/\" target=\"_blank\" rel=\"noopener\">conferin\u021b\u0103 regional\u0103 &#8222;Constructorii azi: solu\u021bii \u0219i actiuni colective&#8221;<\/a><\/strong>, care a avut loc la Camera de Comer\u021b \u0219i Industrie din Cluj \u00een data de 22 februarie. Temele dezb\u0103tute au fost: protec\u021bia social\u0103 pe timp de iarn\u0103, preg\u0103tirea profesional\u0103 a personalului, servicii speciale de asigur\u0103ri pentru firmele de construc\u021bii \u0219i abordarea patronal\u0103 a cerin\u021belor constructorilor. Pe l\u00e2ng\u0103 dicu\u021biile purtate \u00een cadrul conferin\u021bei, echipa noastr\u0103 a prezentat at\u00e2t concursul \u0219i realiz\u0103rile de-a lungul anilor c\u00e2t \u0219i progresul actual.<\/p>\t\t\t\t\t\t<\/div>\n\t\t\t\t<\/div>\n\t\t\t\t<div class=\"elementor-element elementor-element-f65d105 elementor-widget elementor-widget-text-editor\" data-id=\"f65d105\" data-element_type=\"widget\" data-widget_type=\"text-editor.default\">\n\t\t\t\t<div class=\"elementor-widget-container\">\n\t\t\t\t\t\t\tNe-am bucurat s\u0103 constat\u0103m interesul crescut \u0219i sus\u021binerea, pe care am primit-o din partea publicului. Sper\u0103m prin particip\u0103rile noastre s\u0103 aducem la cuno\u0219tiin\u021b\u0103 importan\u021ba cercet\u0103rilor seismice \u0219i implicarea studen\u021bilor \u00een problematicile actuale ale societ\u0103\u021bii.\t\t\t\t\t\t<\/div>\n\t\t\t\t<\/div>\n\t\t\t\t\t<\/div>\n\t\t\t\t<\/div>\n\t\t\t\t<\/div>","protected":false},"excerpt":{"rendered":"<p>Conferin\u021ba regional\u0103 &#8222;Constructorii azi: solu\u021bii \u0219i ac\u021biuni colective&#8221; Una dintre diversele \u0219i multiplele \u00eendatoriri ale echipei este de a se implica \u00een activit\u0103\u021bi de prezentare \u0219i promovare a proiectului. Ne dorim s\u0103 \u00eemp\u0103rt\u0103\u0219im c\u00e2t mai mult din drumul parcurs pentru realizarea acestui proiect. Prin urmare am r\u0103spuns cu pl\u0103cere la invita\u021bia unui dintre sponsorii no\u0219tri, [&hellip;]<\/p>","protected":false},"author":1,"featured_media":195,"comment_status":"closed","ping_status":"closed","sticky":false,"template":"elementor_header_footer","format":"standard","meta":{"footnotes":""},"categories":[1],"tags":[],"class_list":["post-190","post","type-post","status-publish","format-standard","has-post-thumbnail","hentry","category-uncategorized"],"_links":{"self":[{"href":"https:\/\/sdc.utcluj.ro\/en\/wp-json\/wp\/v2\/posts\/190","targetHints":{"allow":["GET"]}}],"collection":[{"href":"https:\/\/sdc.utcluj.ro\/en\/wp-json\/wp\/v2\/posts"}],"about":[{"href":"https:\/\/sdc.utcluj.ro\/en\/wp-json\/wp\/v2\/types\/post"}],"author":[{"embeddable":true,"href":"https:\/\/sdc.utcluj.ro\/en\/wp-json\/wp\/v2\/users\/1"}],"replies":[{"embeddable":true,"href":"https:\/\/sdc.utcluj.ro\/en\/wp-json\/wp\/v2\/comments?post=190"}],"version-history":[{"count":10,"href":"https:\/\/sdc.utcluj.ro\/en\/wp-json\/wp\/v2\/posts\/190\/revisions"}],"predecessor-version":[{"id":247,"href":"https:\/\/sdc.utcluj.ro\/en\/wp-json\/wp\/v2\/posts\/190\/revisions\/247"}],"wp:featuredmedia":[{"embeddable":true,"href":"https:\/\/sdc.utcluj.ro\/en\/wp-json\/wp\/v2\/media\/195"}],"wp:attachment":[{"href":"https:\/\/sdc.utcluj.ro\/en\/wp-json\/wp\/v2\/media?parent=190"}],"wp:term":[{"taxonomy":"category","embeddable":true,"href":"https:\/\/sdc.utcluj.ro\/en\/wp-json\/wp\/v2\/categories?post=190"},{"taxonomy":"post_tag","embeddable":true,"href":"https:\/\/sdc.utcluj.ro\/en\/wp-json\/wp\/v2\/tags?post=190"}],"curies":[{"name":"wp","href":"https:\/\/api.w.org\/{rel}","templated":true}]}}