{"id":212,"date":"2024-12-01T13:46:56","date_gmt":"2024-12-01T13:46:56","guid":{"rendered":"https:\/\/sdc.utcluj.ro\/?p=212"},"modified":"2024-12-02T06:31:45","modified_gmt":"2024-12-02T06:31:45","slug":"bp-pro-invent","status":"publish","type":"post","link":"https:\/\/sdc.utcluj.ro\/en\/2024\/12\/01\/bp-pro-invent\/","title":{"rendered":"PRO INVENT &#8211; Salon interna\u021bional de Inventic\u0103 \u0219i Cercetare"},"content":{"rendered":"<div data-elementor-type=\"wp-post\" data-elementor-id=\"212\" class=\"elementor elementor-212\">\n\t\t\t\t<div class=\"elementor-element elementor-element-c7c98a3 e-flex e-con-boxed e-con e-parent\" data-id=\"c7c98a3\" data-element_type=\"container\" data-settings=\"{&quot;background_background&quot;:&quot;classic&quot;}\">\n\t\t\t\t\t<div class=\"e-con-inner\">\n\t\t\t\t\t<\/div>\n\t\t\t\t<\/div>\n\t\t<div class=\"elementor-element elementor-element-eaf509b e-flex e-con-boxed e-con e-parent\" data-id=\"eaf509b\" data-element_type=\"container\">\n\t\t\t\t\t<div class=\"e-con-inner\">\n\t\t\t\t<div class=\"elementor-element elementor-element-ed89c19 elementor-widget elementor-widget-heading\" data-id=\"ed89c19\" data-element_type=\"widget\" data-widget_type=\"heading.default\">\n\t\t\t\t<div class=\"elementor-widget-container\">\n\t\t\t<h2 class=\"elementor-heading-title elementor-size-default\">PRO INVENT - Salon interna\u021bional de Inventic\u0103 \u0219i Cercetare\n<\/h2>\t\t<\/div>\n\t\t\t\t<\/div>\n\t\t\t\t<div class=\"elementor-element elementor-element-8b96d82 elementor-widget elementor-widget-heading\" data-id=\"8b96d82\" data-element_type=\"widget\" data-widget_type=\"heading.default\">\n\t\t\t\t<div class=\"elementor-widget-container\">\n\t\t\t<h4 class=\"elementor-heading-title elementor-size-default\">Salonul Interna\u021bional al Cercet\u0103rii, Inov\u0103rii \u0219i Inventicii \u201cPro Invent\u201d este un eveniment ce reune\u0219te studen\u021bi pasiona\u021bi, persoane creative \u0219i firme inovatoare. Evenimentul, ajuns la cea de a XVI-a edi\u021bie, este organizat de Universitatea Tehnic\u0103 din Cluj-Napoca. Anul acesta salonul a avut loc \u00eentr-o loca\u021bie-simbol a ora\u0219ului Cluj-Napoca, \u0219i anume Sala Polivalent\u0103.\n\n\n<\/h4>\t\t<\/div>\n\t\t\t\t<\/div>\n\t\t\t\t<div class=\"elementor-element elementor-element-b890114 elementor-widget elementor-widget-text-editor\" data-id=\"b890114\" data-element_type=\"widget\" data-widget_type=\"text-editor.default\">\n\t\t\t\t<div class=\"elementor-widget-container\">\n\t\t\t\t\t\t\tInven\u021biile prezentate sunt neobi\u0219nuite, fie c\u0103 e vorba de un bra\u021b robotic ce \u00ee\u021bi imit\u0103 mi\u0219c\u0103rile, un co\u0219 de gunoi \u201csmart\u201d sau un scaun care te anun\u021b\u0103 dac\u0103 nu stai drept. Structurile noastre rezistente la seism au fost, de asemenea, un punct de interes \u00een cadrul salonului, fiind prezentate ingenios l\u00e2ng\u0103 o hologram\u0103 ce imita comportarea unei structuri \u00een cazul unui cutremur. \u00cen cadrul Salonului de Inventic\u0103 am avut oportunitatea de a ne prezenta public proiectul \u0219i de a sus\u021bine o prezentare \u00een fa\u021ba unei audien\u021be generoase.\t\t\t\t\t\t<\/div>\n\t\t\t\t<\/div>\n\t\t\t\t<div class=\"elementor-element elementor-element-f65d105 elementor-widget elementor-widget-text-editor\" data-id=\"f65d105\" data-element_type=\"widget\" data-widget_type=\"text-editor.default\">\n\t\t\t\t<div class=\"elementor-widget-container\">\n\t\t\t\t\t\t\tDup\u0103 cum v-am obi\u0219nuit deja, am testat cu succes o machet\u0103 la mai multe cutremure \u0219i am explicat etapele concursul la care particip\u0103m.\t\t\t\t\t\t<\/div>\n\t\t\t\t<\/div>\n\t\t\t\t<div class=\"elementor-element elementor-element-2b8e2b5 elementor-widget elementor-widget-heading\" data-id=\"2b8e2b5\" data-element_type=\"widget\" data-widget_type=\"heading.default\">\n\t\t\t\t<div class=\"elementor-widget-container\">\n\t\t\t<h3 class=\"elementor-heading-title elementor-size-default\">Testarea machetei\n\n<\/h3>\t\t<\/div>\n\t\t\t\t<\/div>\n\t\t\t\t<div class=\"elementor-element elementor-element-5bbd4c2 elementor-widget elementor-widget-video\" data-id=\"5bbd4c2\" data-element_type=\"widget\" data-settings=\"{&quot;video_type&quot;:&quot;vimeo&quot;}\" data-widget_type=\"video.default\">\n\t\t\t\t<div class=\"elementor-widget-container\">\n\t\t\t\t\t<div class=\"elementor-wrapper elementor-open-inline\">\n\t\t\t<iframe class=\"elementor-video-iframe\" allowfullscreen allow=\"clipboard-write\" title=\"Player video vimeo\" src=\"https:\/\/player.vimeo.com\/video\/262085251?color&amp;autopause=0&amp;loop=0&amp;muted=0&amp;title=1&amp;portrait=1&amp;byline=1#t=\"><\/iframe>\t\t<\/div>\n\t\t\t\t<\/div>\n\t\t\t\t<\/div>\n\t\t\t\t\t<\/div>\n\t\t\t\t<\/div>\n\t\t\t\t<\/div>","protected":false},"excerpt":{"rendered":"<p>PRO INVENT &#8211; Salon interna\u021bional de Inventic\u0103 \u0219i Cercetare Salonul Interna\u021bional al Cercet\u0103rii, Inov\u0103rii \u0219i Inventicii \u201cPro Invent\u201d este un eveniment ce reune\u0219te studen\u021bi pasiona\u021bi, persoane creative \u0219i firme inovatoare. Evenimentul, ajuns la cea de a XVI-a edi\u021bie, este organizat de Universitatea Tehnic\u0103 din Cluj-Napoca. Anul acesta salonul a avut loc \u00eentr-o loca\u021bie-simbol a ora\u0219ului [&hellip;]<\/p>","protected":false},"author":1,"featured_media":214,"comment_status":"closed","ping_status":"closed","sticky":false,"template":"elementor_header_footer","format":"standard","meta":{"footnotes":""},"categories":[1],"tags":[],"class_list":["post-212","post","type-post","status-publish","format-standard","has-post-thumbnail","hentry","category-uncategorized"],"_links":{"self":[{"href":"https:\/\/sdc.utcluj.ro\/en\/wp-json\/wp\/v2\/posts\/212","targetHints":{"allow":["GET"]}}],"collection":[{"href":"https:\/\/sdc.utcluj.ro\/en\/wp-json\/wp\/v2\/posts"}],"about":[{"href":"https:\/\/sdc.utcluj.ro\/en\/wp-json\/wp\/v2\/types\/post"}],"author":[{"embeddable":true,"href":"https:\/\/sdc.utcluj.ro\/en\/wp-json\/wp\/v2\/users\/1"}],"replies":[{"embeddable":true,"href":"https:\/\/sdc.utcluj.ro\/en\/wp-json\/wp\/v2\/comments?post=212"}],"version-history":[{"count":7,"href":"https:\/\/sdc.utcluj.ro\/en\/wp-json\/wp\/v2\/posts\/212\/revisions"}],"predecessor-version":[{"id":253,"href":"https:\/\/sdc.utcluj.ro\/en\/wp-json\/wp\/v2\/posts\/212\/revisions\/253"}],"wp:featuredmedia":[{"embeddable":true,"href":"https:\/\/sdc.utcluj.ro\/en\/wp-json\/wp\/v2\/media\/214"}],"wp:attachment":[{"href":"https:\/\/sdc.utcluj.ro\/en\/wp-json\/wp\/v2\/media?parent=212"}],"wp:term":[{"taxonomy":"category","embeddable":true,"href":"https:\/\/sdc.utcluj.ro\/en\/wp-json\/wp\/v2\/categories?post=212"},{"taxonomy":"post_tag","embeddable":true,"href":"https:\/\/sdc.utcluj.ro\/en\/wp-json\/wp\/v2\/tags?post=212"}],"curies":[{"name":"wp","href":"https:\/\/api.w.org\/{rel}","templated":true}]}}