{"id":320,"date":"2024-12-02T07:57:00","date_gmt":"2024-12-02T07:57:00","guid":{"rendered":"https:\/\/sdc.utcluj.ro\/?p=320"},"modified":"2024-12-02T08:09:42","modified_gmt":"2024-12-02T08:09:42","slug":"capitolul-sdcutcn2019","status":"publish","type":"post","link":"https:\/\/sdc.utcluj.ro\/en\/2024\/12\/02\/capitolul-sdcutcn2019\/","title":{"rendered":"Capitolul SDCUTCN2019"},"content":{"rendered":"<div data-elementor-type=\"wp-post\" data-elementor-id=\"320\" class=\"elementor elementor-320\">\n\t\t\t\t<div class=\"elementor-element elementor-element-c7c98a3 e-flex e-con-boxed e-con e-parent\" data-id=\"c7c98a3\" data-element_type=\"container\" data-settings=\"{&quot;background_background&quot;:&quot;classic&quot;}\">\n\t\t\t\t\t<div class=\"e-con-inner\">\n\t\t\t\t\t<\/div>\n\t\t\t\t<\/div>\n\t\t<div class=\"elementor-element elementor-element-eaf509b e-flex e-con-boxed e-con e-parent\" data-id=\"eaf509b\" data-element_type=\"container\">\n\t\t\t\t\t<div class=\"e-con-inner\">\n\t\t\t\t<div class=\"elementor-element elementor-element-ed89c19 elementor-widget elementor-widget-heading\" data-id=\"ed89c19\" data-element_type=\"widget\" data-widget_type=\"heading.default\">\n\t\t\t\t<div class=\"elementor-widget-container\">\n\t\t\t<h2 class=\"elementor-heading-title elementor-size-default\">Capitolul SDCUTCN2019\n<\/h2>\t\t<\/div>\n\t\t\t\t<\/div>\n\t\t\t\t<div class=\"elementor-element elementor-element-735d63f elementor-widget elementor-widget-heading\" data-id=\"735d63f\" data-element_type=\"widget\" data-widget_type=\"heading.default\">\n\t\t\t\t<div class=\"elementor-widget-container\">\n\t\t\t<h4 class=\"elementor-heading-title elementor-size-default\">Dac\u0103 ai ajuns p\u00e2n\u0103 aici probabil \u021bi-am st\u00e2rnit interesul, lucru care m\u0103 bucur\u0103 enorm deoarece mai am at\u00e2t de multe s\u0103 \u00ee\u021bi povestesc. Ne vom \u00eentoarce iar\u0103\u0219i \u00een timp \u0219i c\u0103l\u0103torim ast\u0103zi \u00een Vancouver(CANADA), anul 2019. Povestea de ast\u0103zi este plin\u0103 de peripe\u021bii deci dac\u0103 \u00ee\u021bi place suspansul preg\u0103te\u0219te-te. Dac\u0103 e\u0219ti mai ner\u0103bd\u0103tor nu te \u00eengrijora, povestea de ast\u0103zi are un final fericit!<br \/><br \/>\n\nAst\u0103zi facem cuno\u0219tin\u021b\u0103 cu GABRIELA PETRU\u021a, liderul echipei SDC2019. A\u0219 fi vrut s\u0103 o descriu chiar eu pe Gabriela, \u00eens\u0103 mai potrivit este s\u0103 auzi\u021bi p\u0103rerea echipei sale \u201eEste o persoan\u0103 sufletist\u0103. \u00centr-adev\u0103r este organizat\u0103 \u0219i atent\u0103 la detalii, dar faptul c\u0103 pune at\u00e2t de mult suflet \u00een tot ceea ce face este cel mai mare atuu al ei. Poate uneori vede asta ca o sl\u0103biciune, pentru c\u0103 \u00eei pas\u0103 prea mult de unele aspecte. P\u0103rerea mea este c\u0103 pune suflet \u0219i pasiune \u00een tot ceea ce face \u0219i prea pu\u021bini oameni pot spune asta despre d\u00e2n\u0219ii\u201d(COSMIN CHIRILIANU).<\/h4>\t\t<\/div>\n\t\t\t\t<\/div>\n\t\t\t\t<div class=\"elementor-element elementor-element-b890114 elementor-widget elementor-widget-text-editor\" data-id=\"b890114\" data-element_type=\"widget\" data-widget_type=\"text-editor.default\">\n\t\t\t\t<div class=\"elementor-widget-container\">\n\t\t\t\t\t\t\t<p>Din familia din 2019 fac parte urm\u0103torii membri: Ligia LUPAESCU, Andrei SZILAGHI, Cosmin CHIRILIANU, Norbert DEAC, Bogdan PETRU\u021a, Romana BENEA, Bogdan ALBU, Zsolt GED\u0150, El\u00f6d NAGY, \u00d6rs NAGY, B\u00e9la B\u00c1CS.<\/p><p>\u00ce\u021bi povestesc de fiecare dat\u0103 c\u00e2nd ne \u00eent\u00e2lnim despre beneficiile pe care \u021bi le poate aduce un astfel de concurs, dar este mult mai mult de at\u00e2t. Pentru fiecare participant este diferit, impactul este mai mult dec\u00e2t cuvintele mele pot descrie! Gabrielei acest concurs i-a adus o a doua familie, \u201ecomunitatea de la birou\u201d, format\u0103 din \u201eoameni dragi care acum sunt foarte importan\u021bi\u201d pentru ea. \u0218i totu\u0219i tu, cititorule, ce \u021bi-ai dori s\u0103 descoperi dac\u0103 ai participa Seismic Design? P\u00e2n\u0103 c\u00e2nd ai un r\u0103spuns vreau s\u0103-\u021bi spun un secret, cred c\u0103 m\u0103 va ajuta \u0219i Gabriela: participarea la un concurs (a\u0219a cum este Seismic Design) \u201ete ajut\u0103 s\u0103 \u00ee\u021bi descoperi ni\u0219te super-puteri latente, care au fost cu tine mereu \u00eensa nu \u0219tiai de existen\u021ba lor.\u201d Dac\u0103 e\u0219ti o persoan\u0103 introvertit\u0103 vreau s\u0103 \u00ee\u021bi imaginezi urm\u0103torul lucru: \u00eenainte de SDC Gabriela ne poveste\u0219te c\u0103 \u201eeu eram persoana care se ferea s\u0103 comande pizza, la telefon. Vorbitul \u00een public nu era ceva pentru mine, sau cel pu\u021bin a\u0219a credeam\u201d. Tot Gabriela, acest\u0103 t\u00e2n\u0103r\u0103 timid\u0103 a fost prezentatorul echipei SDC2019 \u0219i a impresionat lumea la nivel interna\u021bional.<\/p><p>Toate genera\u021biile au ceva aparte, reprezentativ. \u00cen 2019 echipa a fost format\u0103 din \u201eanul IV civil, arhitec\u021bi \u0219i Ligia, micu\u021ba pe care am adoptat-o\u201d (Ligia la prima participare a fost student\u0103 \u00een anul doi). Dar care crezi tu c\u0103 este re\u021beta pentru a asigura succesul aici? Gabriela ne-a \u00eemp\u0103rt\u0103\u0219it-o pe cea a edi\u021biei ei deci preg\u0103te\u0219te-te s\u0103-\u021bi notezi \u201eECHILIBRUL. Ne-am organizat pe dou\u0103 planuri principale: \u00een primul am g\u00e2ndit conceptul structural, arhitectural, preg\u0103tirea machetei \u0219i prezentarea pentru concurs; cel de-al doilea se baza pe str\u00e2nsul de sponsoriz\u0103ri, etapa extrem de important\u0103 \u0219i grea. Grea deoarece oamenii ini\u021bial au reac\u021bionat reticent, fiind prima dat\u0103 c\u00e2nd auziser\u0103 de SDC\u201d. Totu\u0219i, oric\u00e2t de bun era planul trebuia s\u0103 existe un echilibru, echipa Gabrielei a \u00een\u021beles c\u0103 \u201edegeaba avem bani s\u0103 ajungem \u00een Canada \u0219i nu avem ce s\u0103 prezent\u0103m; \u0219i \u00een acela\u0219i timp degeaba aveam ceva minunat de prezentat dac\u0103 nu reu\u0219eam s\u0103 ajungem \u00een Canada\u201d.<\/p><p>\u00cen anumite zile \u0219i f\u0103r\u0103 a avea \u00een via\u021b\u0103 o echip\u0103 de coordonat sau stresul pe care \u00eel impune preg\u0103tirea unei lucr\u0103ri de licen\u021b\u0103 trecem prin st\u0103ri de cople\u0219ire. Acelea sunt momente cheie \u00een care este esen\u021bial s\u0103 descoperim ceea ce ne motiveaz\u0103 s\u0103 continu\u0103m cu \u0219i mai mult\u0103 pasiune munca \u00eenceput\u0103. Chiar \u0219i pentru o persoan\u0103 organizat\u0103 a\u0219a cum este Gabriela au existat asemenea momente \u00een care ne spunea ea \u201eau existat puncte \u00een care mi-am dorit s\u0103 renun\u021b, suntem p\u00e2n\u0103 la urma oameni \u0219i zilnic ne lovim de situa\u021bii personale \u00een care ne sim\u021bim cople\u0219i\u021bi; dar am sim\u021bit de la \u00eenceput c\u0103 rolul meu \u00een echip\u0103 nu \u00eemi permitea s\u0103 renun\u021b. Am sim\u021bit c\u0103 trebuie s\u0103 am grij\u0103 de oamenii din echip\u0103, s\u0103 \u00eei protejez deci consider c\u0103 ei m-au motivat s\u0103 continui\u201d. Povestea acestei genera\u021bii SDC este special\u0103 din at\u00e2t de multe puncte de vedere. Nu doar c\u0103 au r\u0103mas foarte apropia\u021bi, au colaborat \u0219i au g\u0103sit solu\u021bii pentru toate problemele care au depins de ei. \u00cens\u0103 exist\u0103 uneori \u0219i factori din exterior, pe care nu \u00eei putem controla \u0219i care ne influen\u021beaz\u0103 drumul spre succes. Gabriela ne-a relaltat \u201eacum pot s\u0103 \u00ee\u021bi povestesc cu z\u00e2mbetul pe buze, dar la momentul acela nu reu\u0219eam. Ca orice echip\u0103 timp de \u0219ase luni am muncit \u00een sala 15, am construit machetele \u0219i le-am testat, am optimizat structurile p\u00e2n\u0103 c\u00e2nd am ajuns la o variant\u0103 de care eram foarte mul\u021bumi\u021bi, eram m\u00e2ndrii \u0219i de prezentare \u0219i poster. Mai lipsea doar s\u0103 mergem \u00een Canada. \u00cen seara dinaintea plec\u0103rii am realizat c\u0103 prezentarea nostr\u0103 nu era pe formatul bun. A\u0219a am ajuns s\u0103 ne petrecem noaptea \u00een sala 15 s\u0103 ne refacem prezentarea. Fiind o prezentare Power-Point nu puteau lucra simultan mai mult de 2 persoane, dar \u00eentreaga echip\u0103 a r\u0103mas acolo. Oamenii au dormit pe jos, pe pl\u0103ci de balsa, dar eram acolo. Nimeni nu a plecat! Dup\u0103 un zbor lung am ajuns \u00een Canada dar structura noastr\u0103 NU..\u201d. Putem doar s\u0103 ne imagin\u0103m stresul prin care a trecut echipa \u00een acele momente, \u201edin momentul \u00een care am aflat c\u0103 ne-a fost pierdut\u0103 macheta am \u00eenceput s\u0103 d\u0103m telefoane \u00een speran\u021ba c\u0103 o vom recupera la timp. O parte din echip\u0103 a stat \u00een fiecare zi \u00een aeroport \u0219i verificau toate zborurile dinspre Europa. Am sperat p\u00e2n\u0103 \u00een ziua test\u0103rii c\u0103 o vom primi, \u00eens\u0103 structura nu a ajuns. Abia dup\u0103 ce ne-am \u00eentors la Cluj dup\u0103 trei s\u0103pt\u0103m\u00e2ni a ajuns \u0219i nu \u0219tiu dac\u0103 vom afla vreodat\u0103 unde a fost pierdut\u0103 sau ce s-a \u00eent\u00e2mplat cu ea\u201d.<\/p>\t\t\t\t\t\t<\/div>\n\t\t\t\t<\/div>\n\t\t\t\t<div class=\"elementor-element elementor-element-f65d105 elementor-widget elementor-widget-text-editor\" data-id=\"f65d105\" data-element_type=\"widget\" data-widget_type=\"text-editor.default\">\n\t\t\t\t<div class=\"elementor-widget-container\">\n\t\t\t\t\t\t\tLa \u00eenceput am men\u021bionat c\u0103 aceast\u0103 poveste are un final fericit, de\u0219i nu pare astfel. Dar \u00een final echipa a r\u0103mas unit\u0103. C\u00e2nd au realizat c\u0103 macheta era pierdut\u0103 au continuat s\u0103 z\u00e2mbeasc\u0103 \u0219i s\u0103 o \u00eencurajeze pe Gabriela care urma s\u0103 sus\u021bin\u0103 prezentarea \u201eam avut o prezentare foarte bun\u0103 datorit\u0103 colegilor mei de echip\u0103. De\u0219i eu am \u021binut prezentarea reu\u0219ita a fost datorit\u0103 lor. Am tr\u0103it cu speran\u021ba c\u0103 structura va ajunge \u0219i o vom putea testa. Ulterior am aflat c\u0103 doar eu tr\u0103iam cu aceast\u0103 impresie, echipa mea m\u0103 proteja de informa\u021bia c\u0103 structura nu va ajunge la timp ca s\u0103 pot s\u0103 fiu concentrat\u0103 pe prezentare \u0219i s\u0103 dau tot ce am mai bun. Acas\u0103 mi-am protejat echipa, dar \u00een Canada ei m-au protejat pe mine\u201d.\t\t\t\t\t\t<\/div>\n\t\t\t\t<\/div>\n\t\t\t\t\t<\/div>\n\t\t\t\t<\/div>\n\t\t\t\t<\/div>","protected":false},"excerpt":{"rendered":"<p>Capitolul SDCUTCN2019 Dac\u0103 ai ajuns p\u00e2n\u0103 aici probabil \u021bi-am st\u00e2rnit interesul, lucru care m\u0103 bucur\u0103 enorm deoarece mai am at\u00e2t de multe s\u0103 \u00ee\u021bi povestesc. Ne vom \u00eentoarce iar\u0103\u0219i \u00een timp \u0219i c\u0103l\u0103torim ast\u0103zi \u00een Vancouver(CANADA), anul 2019. Povestea de ast\u0103zi este plin\u0103 de peripe\u021bii deci dac\u0103 \u00ee\u021bi place suspansul preg\u0103te\u0219te-te. Dac\u0103 e\u0219ti mai ner\u0103bd\u0103tor [&hellip;]<\/p>","protected":false},"author":1,"featured_media":322,"comment_status":"closed","ping_status":"closed","sticky":false,"template":"elementor_header_footer","format":"standard","meta":{"footnotes":""},"categories":[1],"tags":[],"class_list":["post-320","post","type-post","status-publish","format-standard","has-post-thumbnail","hentry","category-uncategorized"],"_links":{"self":[{"href":"https:\/\/sdc.utcluj.ro\/en\/wp-json\/wp\/v2\/posts\/320","targetHints":{"allow":["GET"]}}],"collection":[{"href":"https:\/\/sdc.utcluj.ro\/en\/wp-json\/wp\/v2\/posts"}],"about":[{"href":"https:\/\/sdc.utcluj.ro\/en\/wp-json\/wp\/v2\/types\/post"}],"author":[{"embeddable":true,"href":"https:\/\/sdc.utcluj.ro\/en\/wp-json\/wp\/v2\/users\/1"}],"replies":[{"embeddable":true,"href":"https:\/\/sdc.utcluj.ro\/en\/wp-json\/wp\/v2\/comments?post=320"}],"version-history":[{"count":7,"href":"https:\/\/sdc.utcluj.ro\/en\/wp-json\/wp\/v2\/posts\/320\/revisions"}],"predecessor-version":[{"id":333,"href":"https:\/\/sdc.utcluj.ro\/en\/wp-json\/wp\/v2\/posts\/320\/revisions\/333"}],"wp:featuredmedia":[{"embeddable":true,"href":"https:\/\/sdc.utcluj.ro\/en\/wp-json\/wp\/v2\/media\/322"}],"wp:attachment":[{"href":"https:\/\/sdc.utcluj.ro\/en\/wp-json\/wp\/v2\/media?parent=320"}],"wp:term":[{"taxonomy":"category","embeddable":true,"href":"https:\/\/sdc.utcluj.ro\/en\/wp-json\/wp\/v2\/categories?post=320"},{"taxonomy":"post_tag","embeddable":true,"href":"https:\/\/sdc.utcluj.ro\/en\/wp-json\/wp\/v2\/tags?post=320"}],"curies":[{"name":"wp","href":"https:\/\/api.w.org\/{rel}","templated":true}]}}